{"id":11612,"date":"2023-06-27T15:45:49","date_gmt":"2023-06-27T13:45:49","guid":{"rendered":"https:\/\/www.orange.pl\/poradnik\/?p=11612"},"modified":"2023-06-29T12:44:56","modified_gmt":"2023-06-29T10:44:56","slug":"jak-dbac-o-telefon-latem","status":"publish","type":"post","link":"https:\/\/www.orange.pl\/poradnik\/jak-dbac-o-telefon-latem\/","title":{"rendered":"Jak dba\u0107 o telefon latem?"},"content":{"rendered":"<p class=\"lead\">Lato to pora roku, na kt\u00f3r\u0105 czekach chyba wi\u0119kszo\u015b\u0107 z nas. Gor\u0105ce promienie s\u0142o\u0144ca na twarzy, ciep\u0142y piasek pod stopami, ch\u0142odna bryza nad wod\u0105\u2026 I perspektywa urlopu! Ale lato to tak\u017ce trudny czas dla Twojego smartfona. To, co cieszy nas, niekoniecznie jest dobre dla telefonu. Zobacz, na co mo\u017ce by\u0107 nara\u017cony i jak dba\u0107 o sw\u00f3j telefon latem.<\/p>\n<h2>Zadbany telefon to podstawa!<\/h2>\n<p>Oczywi\u015bcie lato to nie jedyna pora roku, kiedy nale\u017ca\u0142oby zadba\u0107 o sw\u00f3j telefon. W dobie coraz dro\u017cszych urz\u0105dze\u0144 (nawet za kilka tysi\u0119cy z\u0142otych!) <strong>robimy wiele, by dzia\u0142a\u0142y i wygl\u0105da\u0142y jak najlepiej przez jak najd\u0142u\u017cszy czas<\/strong>. Mo\u017cemy chroni\u0107 swoje smartfony m.in. za pomoc\u0105 pokrowc\u00f3w i szkie\u0142, aktualizacji oprogramowania, inwentaryzacji zainstalowanych aplikacji czy m\u0105drego \u0142adowania.Ale wr\u00f3\u0107my do lata, bo to specyficzny czas dla Twojego smartfona.<\/p>\n<p>Przeczytaj tak\u017ce: <a href=\"https:\/\/www.orange.pl\/poradnik\/smartfony-i-inne-urzadzenia\/jak-dbac-o-telefon-zeby-wygladal-i-dzialal-bez-zarzutu\/\" target=\"_blank\" rel=\"noopener\">Jak dba\u0107 o telefon, \u017ceby wygl\u0105da\u0142 i dzia\u0142a\u0142 bez zarzutu?<\/a><\/p>\n<h2>S\u0142o\u0144ce i smartfon = awaria!<\/h2>\n<p>Cho\u0107 wygrzewanie si\u0119 w s\u0142o\u0144cu bywa przyjemne, wiesz, jak robi\u0107 to m\u0105drze i przed opalaniem u\u017cywasz kremu z filtrem. Producenci nie wymy\u015blili jednak jeszcze krem\u00f3w przeciws\u0142onecznych dla smartfon\u00f3w, a szkoda, bo okazuje si\u0119, \u017ce <strong>telefony nie bardzo lubi\u0105 si\u0119 ze s\u0142o\u0144cem<\/strong>.<\/p>\n<p><strong>Rada numer 1: nie zostawiaj swojego smartfona w pe\u0142nym s\u0142o\u0144cu, bo si\u0119 przegrzeje.<\/strong> Jak zapewne wiesz, urz\u0105dzenia elektroniczne tego typu i nagrzewaj\u0105 si\u0119 nieco podczas zwyk\u0142ego dzia\u0142ania, a dodatkowa wysoka temperatura mo\u017ce im powa\u017cnie zaszkodzi\u0107.<\/p>\n<p>Najcz\u0119\u015bciej przegrzany telefon najpierw zaczyna pracowa\u0107 coraz wolniej, po czym po prostu si\u0119 wy\u0142\u0105czy, co jest ca\u0142kowicie normalne. Co zrobi\u0107 w takiej sytuacji? <strong>Nie w\u0142\u0105czaj urz\u0105dzenia od razu, a poczekaj a\u017c ostygnie<\/strong>, np. odk\u0142adaj\u0105c je w zacienione miejsce. <strong>Zapami\u0119taj te\u017c, by absolutnie nie pod\u0142\u0105cza\u0107 nagrzanego telefonu do \u0142adowania!<\/strong> Mo\u017ce to spowodowa\u0107 przegrzanie si\u0119 baterii, a nawet jej zap\u0142on.<\/p>\n<h2>Smartfon nad wod\u0105, ale nie w wodzie!<\/h2>\n<p>Wysoka temperatura to nie jedyne zagro\u017cenie dla Twojego telefonu latem. Poniewa\u017c smartfon towarzyszy Ci praktycznie wsz\u0119dzie, wysoce prawdopodobne jest, \u017ce dotrze te\u017c nad wod\u0119. Czy zalanie urz\u0105dzenia zawsze ko\u0144czy si\u0119 \u017ale? To zale\u017cy od tego, z jakim p\u0142ynem mamy do czynienia, poniewa\u017c <strong>inaczej dzia\u0142a woda s\u0142odka, inaczej s\u0142ona, a jeszcze inaczej dzia\u0142aj\u0105 s\u0142odkie napoje<\/strong>.<\/p>\n<p>Zalany telefon mo\u017ce przesta\u0107 reagowa\u0107 na dotyk, dzia\u0142a\u0107 wolniej, szybciej si\u0119 roz\u0142adowywa\u0107, a nawet wy\u0142\u0105cza\u0107 bez ostrze\u017cenia.<\/p>\n<p><strong>Rada nr 2: po zalaniu telefonu natychmiast go wy\u0142\u0105cza, a je\u015bli jest wy\u0142\u0105czony \u2013 nie w\u0142\u0105czaj go.<\/strong> I absolutnie <strong>nie pod\u0142\u0105czaj go do pr\u0105du!<\/strong> Spr\u00f3buj samodzielnie go osuszy\u0107, a je\u015bli nie mo\u017cesz lub nie wiesz jak, oddaj go w r\u0119ce specjalist\u00f3w.<\/p>\n<p>Przeczytaj tak\u017ce: <a href=\"https:\/\/www.orange.pl\/poradnik\/uslugi-dodatkowe\/jak-uratowac-zalany-telefon\/\" target=\"_blank\" rel=\"noopener\">Jak uratowa\u0107 zalany telefon?<\/a><\/p>\n<p>A co mo\u017cesz zrobi\u0107, by zabezpieczy\u0107 si\u0119 przed takimi wypadkami? Jedn\u0105 z mo\u017cliwo\u015bci jest oczywi\u015bcie kupienie wodoodpornego telefonu, ale pami\u0119taj, \u017ce normy wodoszczelno\u015bci dotycz\u0105 wody s\u0142odkiej, a nie s\u0142onej i s\u0142odzonych napoj\u00f3w.\u00a0Mo\u017cesz tak\u017ce zdecydowa\u0107 si\u0119 na zakup wodoodpornych akcesori\u00f3w, kt\u00f3re pomog\u0105 Ci zadba\u0107 o smartfona. Znajdziesz je <a href=\"https:\/\/www.orange.pl\/zobacz\/akcesoria-na-wakacje\" target=\"_blank\" rel=\"noopener\">w sklepie Orange<\/a>.<\/p>\n<p><img loading=\"lazy\" decoding=\"async\" class=\"aligncenter size-full wp-image-11609\" src=\"https:\/\/www.orange.pl\/poradnik\/wp-content\/uploads\/2022\/07\/smartfon-w-piasku.png\" alt=\"smartfon w piasku\" width=\"1260\" height=\"433\" srcset=\"https:\/\/www.orange.pl\/poradnik\/wp-content\/uploads\/2022\/07\/smartfon-w-piasku.png 1260w, https:\/\/www.orange.pl\/poradnik\/wp-content\/uploads\/2022\/07\/smartfon-w-piasku-300x103.png 300w, https:\/\/www.orange.pl\/poradnik\/wp-content\/uploads\/2022\/07\/smartfon-w-piasku-1024x352.png 1024w, https:\/\/www.orange.pl\/poradnik\/wp-content\/uploads\/2022\/07\/smartfon-w-piasku-768x264.png 768w\" sizes=\"auto, (max-width: 1260px) 100vw, 1260px\" \/><\/p>\n<h2>Piasek bywa gro\u017any!<\/h2>\n<p>Nawet dzieci wiedz\u0105, \u017ce piasek jest super! Mo\u017ce na nim le\u017ce\u0107, budowa\u0107 z niego zamki\u2026 Ale warto pami\u0119ta\u0107, \u017ce<strong> smartfon i piasek nie s\u0105 dobrym po\u0142\u0105czeniem<\/strong>. Niewinnie wygl\u0105daj\u0105ce ziarenka piasku mog\u0105 by\u0107 bardzo szkodliwe, poniewa\u017c mog\u0105:<\/p>\n<ul>\n<li>zarysowa\u0107 ekran,<\/li>\n<li>porysowa\u0107 obudow\u0119,<\/li>\n<li>dosta\u0107 si\u0119 do \u015brodka i utrudnia\u0107 codzienne u\u017cytkowanie.<\/li>\n<\/ul>\n<p>Je\u015bli Tw\u00f3j smartfon prze\u017cy\u0142 bliskie spotkanie z pla\u017c\u0105, nie panikuj. <strong>Rada numer 3: spr\u00f3buj delikatnie (najlepiej mi\u0119kkim p\u0119dzelkiem) oczy\u015bci\u0107 urz\u0105dzenie z piasku.<\/strong> \u015awietnie sprawdzi si\u0119 te\u017c <strong>spr\u0119\u017cone powietrze<\/strong>. Pami\u0119taj, by przed schowaniem telefonu do kieszeni czy torebki upewni\u0107 si\u0119, nie w \u015brodku nie ma piasku, kt\u00f3ry mo\u017ce dalej szkodzi\u0107 smartfonowi.<\/p>\n<p>Aby uchroni\u0107 telefon przed zapiaszczeniem, <strong>warto zaopatrzy\u0107 si\u0119 w <a href=\"https:\/\/www.orange.pl\/zobacz\/polecane-akcesoria\" target=\"_blank\" rel=\"noopener\">akcesoria ochronne<\/a>, np. szk\u0142o hartowane, silikonowe etui czy regulowany pasek do noszenia telefonu<\/strong>.<\/p>\n<p>Zobacz tak\u017ce: <a href=\"https:\/\/www.orange.pl\/poradnik\/smartfony-i-inne-urzadzenia\/przydatne-akcesoria-do-telefonow-szklo-ochronne-i-etui-do-smartfonow\/\" target=\"_blank\" rel=\"noopener\">Przydatne akcesoria do smartfona. Szk\u0142o ochronne i etui na telefon<\/a><\/p>\n<h2>Ochrona Smartfona i baw si\u0119 dobrze latem!<\/h2>\n<p>Je\u015bli martwisz si\u0119 o sw\u00f3j telefon, dobrym rozwi\u0105zaniem jest te\u017c <strong>wykupienie specjalnej us\u0142ugi, dzi\u0119ki kt\u00f3rej zyskasz pomoc po uszkodzeniu urz\u0105dzenia, np. <a href=\"https:\/\/www.orange.pl\/zobacz\/orangesmartcare\" target=\"_blank\" rel=\"noopener\">Ochrona Smartfona<\/a><\/strong>. Orange odbiera od Ciebie uszkodzony sprz\u0119t, odsy\u0142a po dokonanej naprawie i pokrywa jej koszty.<\/p>\n<blockquote><p>Czy wiesz, \u017ce\u2026<\/p>\n<p>Najdro\u017csza naprawa jednego ze znanych flagowc\u00f3w wynios\u0142a prawie 5200 z\u0142 (w tym: koszt wymiany wy\u015bwietlacza prawie 3000 z\u0142, koszty p\u0142yty g\u0142\u00f3wnej prawie 1900 z\u0142, koszty logistyki, naprawy, diagnostyki, element\u00f3w dodatkowych oko\u0142o 300 z\u0142). Ca\u0142e szcz\u0119\u015bcie, \u017ce klient mia\u0142 w\u0142\u0105czon\u0105 us\u0142ug\u0119 Ochrona Smartfona Premium!<\/p><\/blockquote>\n\n\n<div class=\"kk-star-ratings kksr-auto kksr-align-left kksr-valign-bottom\"\n    data-payload='{&quot;align&quot;:&quot;left&quot;,&quot;id&quot;:&quot;11612&quot;,&quot;slug&quot;:&quot;default&quot;,&quot;valign&quot;:&quot;bottom&quot;,&quot;ignore&quot;:&quot;&quot;,&quot;reference&quot;:&quot;auto&quot;,&quot;class&quot;:&quot;&quot;,&quot;count&quot;:&quot;1&quot;,&quot;legendonly&quot;:&quot;&quot;,&quot;readonly&quot;:&quot;&quot;,&quot;score&quot;:&quot;5&quot;,&quot;starsonly&quot;:&quot;&quot;,&quot;best&quot;:&quot;5&quot;,&quot;gap&quot;:&quot;5&quot;,&quot;greet&quot;:&quot;&quot;,&quot;legend&quot;:&quot;5\\\/5 - (1 vote)&quot;,&quot;size&quot;:&quot;14&quot;,&quot;title&quot;:&quot;Jak dba\u0107 o telefon latem?&quot;,&quot;width&quot;:&quot;92.5&quot;,&quot;_legend&quot;:&quot;{score}\\\/{best} - ({count} {votes})&quot;,&quot;font_factor&quot;:&quot;1.25&quot;}'>\n            \n<div class=\"kksr-stars\">\n    \n<div class=\"kksr-stars-inactive\">\n            <div class=\"kksr-star\" data-star=\"1\" style=\"padding-right: 5px\">\n            \n\n<div class=\"kksr-icon\" style=\"width: 14px; height: 14px;\"><\/div>\n        <\/div>\n            <div class=\"kksr-star\" data-star=\"2\" style=\"padding-right: 5px\">\n            \n\n<div class=\"kksr-icon\" style=\"width: 14px; height: 14px;\"><\/div>\n        <\/div>\n            <div class=\"kksr-star\" data-star=\"3\" style=\"padding-right: 5px\">\n            \n\n<div class=\"kksr-icon\" style=\"width: 14px; height: 14px;\"><\/div>\n        <\/div>\n            <div class=\"kksr-star\" data-star=\"4\" style=\"padding-right: 5px\">\n            \n\n<div class=\"kksr-icon\" style=\"width: 14px; height: 14px;\"><\/div>\n        <\/div>\n            <div class=\"kksr-star\" data-star=\"5\" style=\"padding-right: 5px\">\n            \n\n<div class=\"kksr-icon\" style=\"width: 14px; height: 14px;\"><\/div>\n        <\/div>\n    <\/div>\n    \n<div class=\"kksr-stars-active\" style=\"width: 92.5px;\">\n            <div class=\"kksr-star\" style=\"padding-right: 5px\">\n            \n\n<div class=\"kksr-icon\" style=\"width: 14px; height: 14px;\"><\/div>\n        <\/div>\n            <div class=\"kksr-star\" style=\"padding-right: 5px\">\n            \n\n<div class=\"kksr-icon\" style=\"width: 14px; height: 14px;\"><\/div>\n        <\/div>\n            <div class=\"kksr-star\" style=\"padding-right: 5px\">\n            \n\n<div class=\"kksr-icon\" style=\"width: 14px; height: 14px;\"><\/div>\n        <\/div>\n            <div class=\"kksr-star\" style=\"padding-right: 5px\">\n            \n\n<div class=\"kksr-icon\" style=\"width: 14px; height: 14px;\"><\/div>\n        <\/div>\n            <div class=\"kksr-star\" style=\"padding-right: 5px\">\n            \n\n<div class=\"kksr-icon\" style=\"width: 14px; height: 14px;\"><\/div>\n        <\/div>\n    <\/div>\n<\/div>\n                \n\n<div class=\"kksr-legend\" style=\"font-size: 11.2px;\">\n            5\/5 - (1 vote)    <\/div>\n    <\/div>\n","protected":false},"excerpt":{"rendered":"<p>Lato to pora roku, na kt\u00f3r\u0105 czekach chyba wi\u0119kszo\u015b\u0107 z nas. Gor\u0105ce promienie s\u0142o\u0144ca na twarzy, ciep\u0142y piasek pod stopami, [&hellip;]<\/p>\n","protected":false},"author":9,"featured_media":11611,"comment_status":"open","ping_status":"open","sticky":false,"template":"","format":"standard","meta":{"_acf_changed":false,"footnotes":""},"categories":[5],"tags":[19],"class_list":["post-11612","post","type-post","status-publish","format-standard","has-post-thumbnail","hentry","category-smartfony-i-inne-urzadzenia","tag-smartfony"],"acf":[],"yoast_head":"<!-- This site is optimized with the Yoast SEO plugin v27.4 - https:\/\/yoast.com\/product\/yoast-seo-wordpress\/ -->\n<title>Jak dba\u0107 o telefon latem? - Poradnik Orange<\/title>\n<meta name=\"description\" content=\"Cieszysz si\u0119, \u017ce przysz\u0142o lato? Tw\u00f3j smartfon mo\u017ce nie by\u0107 tak zadowolony. Zobacz, jak dba\u0107 o telefon latem, by s\u0142u\u017cy\u0142 Ci jak najd\u0142u\u017cej.\" \/>\n<meta name=\"robots\" content=\"index, follow, max-snippet:-1, max-image-preview:large, max-video-preview:-1\" \/>\n<link rel=\"canonical\" href=\"https:\/\/www.orange.pl\/poradnik\/jak-dbac-o-telefon-latem\/\" \/>\n<meta property=\"og:locale\" content=\"pl_PL\" \/>\n<meta property=\"og:type\" content=\"article\" \/>\n<meta property=\"og:title\" content=\"Jak dba\u0107 o telefon latem? - Poradnik Orange\" \/>\n<meta property=\"og:description\" content=\"Cieszysz si\u0119, \u017ce przysz\u0142o lato? Tw\u00f3j smartfon mo\u017ce nie by\u0107 tak zadowolony. Zobacz, jak dba\u0107 o telefon latem, by s\u0142u\u017cy\u0142 Ci jak najd\u0142u\u017cej.\" \/>\n<meta property=\"og:url\" content=\"\/poradnik\/jak-dbac-o-telefon-latem\/\" \/>\n<meta property=\"og:site_name\" content=\"Poradnik Orange\" \/>\n<meta property=\"article:publisher\" content=\"https:\/\/www.facebook.com\/orangepolska\/\" \/>\n<meta property=\"article:published_time\" content=\"2023-06-27T13:45:49+00:00\" \/>\n<meta property=\"article:modified_time\" content=\"2023-06-29T10:44:56+00:00\" \/>\n<meta property=\"og:image\" content=\"https:\/\/www.orange.pl\/poradnik\/wp-content\/uploads\/2022\/07\/telefon-latem.png\" \/>\n\t<meta property=\"og:image:width\" content=\"388\" \/>\n\t<meta property=\"og:image:height\" content=\"226\" \/>\n\t<meta property=\"og:image:type\" content=\"image\/png\" \/>\n<meta name=\"author\" content=\"Katarzyna Moryc\" \/>\n<meta name=\"twitter:card\" content=\"summary_large_image\" \/>\n<meta name=\"twitter:creator\" content=\"@orange_polska\" \/>\n<meta name=\"twitter:site\" content=\"@orange_polska\" \/>\n<meta name=\"twitter:label1\" content=\"Napisane przez\" \/>\n\t<meta name=\"twitter:data1\" content=\"Katarzyna Moryc\" \/>\n\t<meta name=\"twitter:label2\" content=\"Szacowany czas czytania\" \/>\n\t<meta name=\"twitter:data2\" content=\"5 minut\" \/>\n<script type=\"application\/ld+json\" class=\"yoast-schema-graph\">{\"@context\":\"https:\\\/\\\/schema.org\",\"@graph\":[{\"@type\":\"Article\",\"@id\":\"https:\\\/\\\/www.orange.pl\\\/poradnik\\\/jak-dbac-o-telefon-latem\\\/#article\",\"isPartOf\":{\"@id\":\"\\\/poradnik\\\/jak-dbac-o-telefon-latem\\\/\"},\"author\":{\"name\":\"Katarzyna Moryc\",\"@id\":\"https:\\\/\\\/orange.pl\\\/poradnik\\\/#\\\/schema\\\/person\\\/1ab91a455c009bd2cdc5bf0db64e7a70\"},\"headline\":\"Jak dba\u0107 o telefon latem?\",\"datePublished\":\"2023-06-27T13:45:49+00:00\",\"dateModified\":\"2023-06-29T10:44:56+00:00\",\"mainEntityOfPage\":{\"@id\":\"\\\/poradnik\\\/jak-dbac-o-telefon-latem\\\/\"},\"wordCount\":824,\"commentCount\":0,\"image\":{\"@id\":\"https:\\\/\\\/www.orange.pl\\\/poradnik\\\/jak-dbac-o-telefon-latem\\\/#primaryimage\"},\"thumbnailUrl\":\"https:\\\/\\\/www.orange.pl\\\/poradnik\\\/wp-content\\\/uploads\\\/2022\\\/07\\\/telefon-latem.png\",\"keywords\":[\"Smartfony\"],\"articleSection\":[\"Smartfony i inne urz\u0105dzenia\"],\"inLanguage\":\"pl-PL\",\"potentialAction\":[{\"@type\":\"CommentAction\",\"name\":\"Comment\",\"target\":[\"https:\\\/\\\/www.orange.pl\\\/poradnik\\\/jak-dbac-o-telefon-latem\\\/#respond\"]}]},{\"@type\":\"WebPage\",\"@id\":\"\\\/poradnik\\\/jak-dbac-o-telefon-latem\\\/\",\"url\":\"https:\\\/\\\/www.orange.pl\\\/poradnik\\\/jak-dbac-o-telefon-latem\\\/\",\"name\":\"Jak dba\u0107 o telefon latem? - Poradnik Orange\",\"isPartOf\":{\"@id\":\"https:\\\/\\\/orange.pl\\\/poradnik\\\/#website\"},\"primaryImageOfPage\":{\"@id\":\"https:\\\/\\\/www.orange.pl\\\/poradnik\\\/jak-dbac-o-telefon-latem\\\/#primaryimage\"},\"image\":{\"@id\":\"https:\\\/\\\/www.orange.pl\\\/poradnik\\\/jak-dbac-o-telefon-latem\\\/#primaryimage\"},\"thumbnailUrl\":\"https:\\\/\\\/www.orange.pl\\\/poradnik\\\/wp-content\\\/uploads\\\/2022\\\/07\\\/telefon-latem.png\",\"datePublished\":\"2023-06-27T13:45:49+00:00\",\"dateModified\":\"2023-06-29T10:44:56+00:00\",\"author\":{\"@id\":\"https:\\\/\\\/orange.pl\\\/poradnik\\\/#\\\/schema\\\/person\\\/1ab91a455c009bd2cdc5bf0db64e7a70\"},\"description\":\"Cieszysz si\u0119, \u017ce przysz\u0142o lato? Tw\u00f3j smartfon mo\u017ce nie by\u0107 tak zadowolony. Zobacz, jak dba\u0107 o telefon latem, by s\u0142u\u017cy\u0142 Ci jak najd\u0142u\u017cej.\",\"inLanguage\":\"pl-PL\",\"potentialAction\":[{\"@type\":\"ReadAction\",\"target\":[\"https:\\\/\\\/www.orange.pl\\\/poradnik\\\/jak-dbac-o-telefon-latem\\\/\"]}]},{\"@type\":\"ImageObject\",\"inLanguage\":\"pl-PL\",\"@id\":\"https:\\\/\\\/www.orange.pl\\\/poradnik\\\/jak-dbac-o-telefon-latem\\\/#primaryimage\",\"url\":\"https:\\\/\\\/www.orange.pl\\\/poradnik\\\/wp-content\\\/uploads\\\/2022\\\/07\\\/telefon-latem.png\",\"contentUrl\":\"https:\\\/\\\/www.orange.pl\\\/poradnik\\\/wp-content\\\/uploads\\\/2022\\\/07\\\/telefon-latem.png\",\"width\":388,\"height\":226,\"caption\":\"Jak dba\u0107 o telefon latem?\"},{\"@type\":\"WebSite\",\"@id\":\"https:\\\/\\\/orange.pl\\\/poradnik\\\/#website\",\"url\":\"https:\\\/\\\/orange.pl\\\/poradnik\\\/\",\"name\":\"Poradnik Orange\",\"description\":\"artyku\u0142y, nowo\u015bci, porady\",\"potentialAction\":[{\"@type\":\"SearchAction\",\"target\":{\"@type\":\"EntryPoint\",\"urlTemplate\":\"https:\\\/\\\/orange.pl\\\/poradnik\\\/?s={search_term_string}\"},\"query-input\":{\"@type\":\"PropertyValueSpecification\",\"valueRequired\":true,\"valueName\":\"search_term_string\"}}],\"inLanguage\":\"pl-PL\"},{\"@type\":\"Person\",\"@id\":\"https:\\\/\\\/orange.pl\\\/poradnik\\\/#\\\/schema\\\/person\\\/1ab91a455c009bd2cdc5bf0db64e7a70\",\"name\":\"Katarzyna Moryc\",\"image\":{\"@type\":\"ImageObject\",\"inLanguage\":\"pl-PL\",\"@id\":\"https:\\\/\\\/secure.gravatar.com\\\/avatar\\\/9041f2ed5f9f11ab6018bdc924ca1da38202dcabd25117a44801939f0dc63c41?s=96&d=mm&r=g\",\"url\":\"https:\\\/\\\/secure.gravatar.com\\\/avatar\\\/9041f2ed5f9f11ab6018bdc924ca1da38202dcabd25117a44801939f0dc63c41?s=96&d=mm&r=g\",\"contentUrl\":\"https:\\\/\\\/secure.gravatar.com\\\/avatar\\\/9041f2ed5f9f11ab6018bdc924ca1da38202dcabd25117a44801939f0dc63c41?s=96&d=mm&r=g\",\"caption\":\"Katarzyna Moryc\"}}]}<\/script>\n<!-- \/ Yoast SEO plugin. -->","yoast_head_json":{"title":"Jak dba\u0107 o telefon latem? - Poradnik Orange","description":"Cieszysz si\u0119, \u017ce przysz\u0142o lato? Tw\u00f3j smartfon mo\u017ce nie by\u0107 tak zadowolony. Zobacz, jak dba\u0107 o telefon latem, by s\u0142u\u017cy\u0142 Ci jak najd\u0142u\u017cej.","robots":{"index":"index","follow":"follow","max-snippet":"max-snippet:-1","max-image-preview":"max-image-preview:large","max-video-preview":"max-video-preview:-1"},"canonical":"https:\/\/www.orange.pl\/poradnik\/jak-dbac-o-telefon-latem\/","og_locale":"pl_PL","og_type":"article","og_title":"Jak dba\u0107 o telefon latem? - Poradnik Orange","og_description":"Cieszysz si\u0119, \u017ce przysz\u0142o lato? Tw\u00f3j smartfon mo\u017ce nie by\u0107 tak zadowolony. Zobacz, jak dba\u0107 o telefon latem, by s\u0142u\u017cy\u0142 Ci jak najd\u0142u\u017cej.","og_url":"\/poradnik\/jak-dbac-o-telefon-latem\/","og_site_name":"Poradnik Orange","article_publisher":"https:\/\/www.facebook.com\/orangepolska\/","article_published_time":"2023-06-27T13:45:49+00:00","article_modified_time":"2023-06-29T10:44:56+00:00","og_image":[{"width":388,"height":226,"url":"https:\/\/www.orange.pl\/poradnik\/wp-content\/uploads\/2022\/07\/telefon-latem.png","type":"image\/png"}],"author":"Katarzyna Moryc","twitter_card":"summary_large_image","twitter_creator":"@orange_polska","twitter_site":"@orange_polska","twitter_misc":{"Napisane przez":"Katarzyna Moryc","Szacowany czas czytania":"5 minut"},"schema":{"@context":"https:\/\/schema.org","@graph":[{"@type":"Article","@id":"https:\/\/www.orange.pl\/poradnik\/jak-dbac-o-telefon-latem\/#article","isPartOf":{"@id":"\/poradnik\/jak-dbac-o-telefon-latem\/"},"author":{"name":"Katarzyna Moryc","@id":"https:\/\/orange.pl\/poradnik\/#\/schema\/person\/1ab91a455c009bd2cdc5bf0db64e7a70"},"headline":"Jak dba\u0107 o telefon latem?","datePublished":"2023-06-27T13:45:49+00:00","dateModified":"2023-06-29T10:44:56+00:00","mainEntityOfPage":{"@id":"\/poradnik\/jak-dbac-o-telefon-latem\/"},"wordCount":824,"commentCount":0,"image":{"@id":"https:\/\/www.orange.pl\/poradnik\/jak-dbac-o-telefon-latem\/#primaryimage"},"thumbnailUrl":"https:\/\/www.orange.pl\/poradnik\/wp-content\/uploads\/2022\/07\/telefon-latem.png","keywords":["Smartfony"],"articleSection":["Smartfony i inne urz\u0105dzenia"],"inLanguage":"pl-PL","potentialAction":[{"@type":"CommentAction","name":"Comment","target":["https:\/\/www.orange.pl\/poradnik\/jak-dbac-o-telefon-latem\/#respond"]}]},{"@type":"WebPage","@id":"\/poradnik\/jak-dbac-o-telefon-latem\/","url":"https:\/\/www.orange.pl\/poradnik\/jak-dbac-o-telefon-latem\/","name":"Jak dba\u0107 o telefon latem? - Poradnik Orange","isPartOf":{"@id":"https:\/\/orange.pl\/poradnik\/#website"},"primaryImageOfPage":{"@id":"https:\/\/www.orange.pl\/poradnik\/jak-dbac-o-telefon-latem\/#primaryimage"},"image":{"@id":"https:\/\/www.orange.pl\/poradnik\/jak-dbac-o-telefon-latem\/#primaryimage"},"thumbnailUrl":"https:\/\/www.orange.pl\/poradnik\/wp-content\/uploads\/2022\/07\/telefon-latem.png","datePublished":"2023-06-27T13:45:49+00:00","dateModified":"2023-06-29T10:44:56+00:00","author":{"@id":"https:\/\/orange.pl\/poradnik\/#\/schema\/person\/1ab91a455c009bd2cdc5bf0db64e7a70"},"description":"Cieszysz si\u0119, \u017ce przysz\u0142o lato? Tw\u00f3j smartfon mo\u017ce nie by\u0107 tak zadowolony. Zobacz, jak dba\u0107 o telefon latem, by s\u0142u\u017cy\u0142 Ci jak najd\u0142u\u017cej.","inLanguage":"pl-PL","potentialAction":[{"@type":"ReadAction","target":["https:\/\/www.orange.pl\/poradnik\/jak-dbac-o-telefon-latem\/"]}]},{"@type":"ImageObject","inLanguage":"pl-PL","@id":"https:\/\/www.orange.pl\/poradnik\/jak-dbac-o-telefon-latem\/#primaryimage","url":"https:\/\/www.orange.pl\/poradnik\/wp-content\/uploads\/2022\/07\/telefon-latem.png","contentUrl":"https:\/\/www.orange.pl\/poradnik\/wp-content\/uploads\/2022\/07\/telefon-latem.png","width":388,"height":226,"caption":"Jak dba\u0107 o telefon latem?"},{"@type":"WebSite","@id":"https:\/\/orange.pl\/poradnik\/#website","url":"https:\/\/orange.pl\/poradnik\/","name":"Poradnik Orange","description":"artyku\u0142y, nowo\u015bci, porady","potentialAction":[{"@type":"SearchAction","target":{"@type":"EntryPoint","urlTemplate":"https:\/\/orange.pl\/poradnik\/?s={search_term_string}"},"query-input":{"@type":"PropertyValueSpecification","valueRequired":true,"valueName":"search_term_string"}}],"inLanguage":"pl-PL"},{"@type":"Person","@id":"https:\/\/orange.pl\/poradnik\/#\/schema\/person\/1ab91a455c009bd2cdc5bf0db64e7a70","name":"Katarzyna Moryc","image":{"@type":"ImageObject","inLanguage":"pl-PL","@id":"https:\/\/secure.gravatar.com\/avatar\/9041f2ed5f9f11ab6018bdc924ca1da38202dcabd25117a44801939f0dc63c41?s=96&d=mm&r=g","url":"https:\/\/secure.gravatar.com\/avatar\/9041f2ed5f9f11ab6018bdc924ca1da38202dcabd25117a44801939f0dc63c41?s=96&d=mm&r=g","contentUrl":"https:\/\/secure.gravatar.com\/avatar\/9041f2ed5f9f11ab6018bdc924ca1da38202dcabd25117a44801939f0dc63c41?s=96&d=mm&r=g","caption":"Katarzyna Moryc"}}]}},"_links":{"self":[{"href":"https:\/\/www.orange.pl\/poradnik\/wp-json\/wp\/v2\/posts\/11612","targetHints":{"allow":["GET"]}}],"collection":[{"href":"https:\/\/www.orange.pl\/poradnik\/wp-json\/wp\/v2\/posts"}],"about":[{"href":"https:\/\/www.orange.pl\/poradnik\/wp-json\/wp\/v2\/types\/post"}],"author":[{"embeddable":true,"href":"https:\/\/www.orange.pl\/poradnik\/wp-json\/wp\/v2\/users\/9"}],"replies":[{"embeddable":true,"href":"https:\/\/www.orange.pl\/poradnik\/wp-json\/wp\/v2\/comments?post=11612"}],"version-history":[{"count":4,"href":"https:\/\/www.orange.pl\/poradnik\/wp-json\/wp\/v2\/posts\/11612\/revisions"}],"predecessor-version":[{"id":14317,"href":"https:\/\/www.orange.pl\/poradnik\/wp-json\/wp\/v2\/posts\/11612\/revisions\/14317"}],"wp:featuredmedia":[{"embeddable":true,"href":"https:\/\/www.orange.pl\/poradnik\/wp-json\/wp\/v2\/media\/11611"}],"wp:attachment":[{"href":"https:\/\/www.orange.pl\/poradnik\/wp-json\/wp\/v2\/media?parent=11612"}],"wp:term":[{"taxonomy":"category","embeddable":true,"href":"https:\/\/www.orange.pl\/poradnik\/wp-json\/wp\/v2\/categories?post=11612"},{"taxonomy":"post_tag","embeddable":true,"href":"https:\/\/www.orange.pl\/poradnik\/wp-json\/wp\/v2\/tags?post=11612"}],"curies":[{"name":"wp","href":"https:\/\/api.w.org\/{rel}","templated":true}]}}