{"id":8505,"date":"2024-03-01T09:57:00","date_gmt":"2024-03-01T08:57:00","guid":{"rendered":"https:\/\/www.orange.pl\/poradnik-dla-firm\/?p=8505"},"modified":"2026-02-02T14:56:51","modified_gmt":"2026-02-02T13:56:51","slug":"jak-realizowac-cele-biznesowe-dbajac-o-planete","status":"publish","type":"post","link":"https:\/\/www.orange.pl\/poradnik-dla-firm\/cyfrowy-biznes\/jak-realizowac-cele-biznesowe-dbajac-o-planete\/","title":{"rendered":"Jak realizowa\u0107 cele biznesowe, dbaj\u0105c o planet\u0119"},"content":{"rendered":"\n<p><strong>Najta\u0144sza i najbardziej ekologiczna jest ta energia, kt\u00f3rej si\u0119 nie zu\u017cyje. Dlatego ka\u017cde dzia\u0142anie, kt\u00f3re pozwala oszcz\u0119dza\u0107 energi\u0119, ma znaczenie. Wychodz\u0105c z takiego za\u0142o\u017cenia, Orange uda\u0142o si\u0119 przez siedem lat ograniczy\u0107 j\u0105 a\u017c o <\/strong><strong>38 proc. Podpowiadamy, jak dba\u0107 o planet\u0119, realizuj\u0105c cele biznesowe.<\/strong><\/p>\n<p>Dzia\u0142ania dotycz\u0105ce klimatu coraz cz\u0119\u015bciej staj\u0105 si\u0119 elementem d\u0142ugofalowych strategii biznesowych firm. Nie inaczej jest w przypadku Orange. Opublikowane niedawno wyniki finansowe i pozafinansowe za rok 2022 pokaza\u0142y, jak wiele uda\u0142o si\u0119 ju\u017c zdzia\u0142a\u0107 w zakresie ograniczenia negatywnego wp\u0142ywu na planet\u0119 i d\u0105\u017cenia do neutralno\u015bci klimatycznej.<\/p>\n<p><strong>Ograniczenie emisji w\u0142asnych o 38 proc. w ci\u0105gu siedmiu lat to jeden z najwi\u0119kszych sukces\u00f3w, jakimi na tym polu mo\u017ce pochwali\u0107 si\u0119 Orange. <\/strong><\/p>\n<p>Z\u0142o\u017cy\u0142o si\u0119 na niego wiele element\u00f3w: pocz\u0105wszy od obni\u017cenia emisji ze spalania paliw w firmowych pojazdach, budynkach czy generatorach, przez czynniki ch\u0142odnicze ulatniaj\u0105ce si\u0119 z klimatyzacji i modernizacj\u0119 biur, a\u017c po najwa\u017cniejsze: ograniczenie emisji ze zu\u017cycia energii umo\u017cliwiaj\u0105cej prac\u0119 sieci. Dlaczego te dzia\u0142ania s\u0105 takie wa\u017cne?<\/p>\n<p>\u00a0<\/p>\n<p><iframe loading=\"lazy\" title=\"Razem d\u0105\u017cymy do innowacji, aby nowe technologie mia\u0142y jeszcze wi\u0119kszy pozytywny wp\u0142yw na \u015brodowisko\" src=\"https:\/\/www.youtube.com\/embed\/ETlqpntzCck\" width=\"887\" height=\"499\" frameborder=\"0\" allowfullscreen=\"allowfullscreen\"><\/iframe><br \/><br \/><\/p>\n<h2><strong>Zmiana klimatu \u2013 naturalna czy nie?<\/strong><\/h2>\n<p><br \/>Zmiany klimatyczne nie s\u0105 mitem. Cho\u0107 w szumie informacyjnym niejednokrotnie s\u0142yszymy, \u017ce to wyimaginowany problem, badania naukowe m\u00f3wi\u0105 co\u015b zupe\u0142nie innego.<\/p>\n<ul>\n<li>Liczba upalnych dni w Polsce wzros\u0142a z ok. 6 (1951\u20131990) do ok. 15 (2009\u20132018).<\/li>\n<li>\u015arednia temperatura powietrza latem w Polsce w okresie 2011\u20132020 wzros\u0142a o 1,9\u00baC w por\u00f3wnaniu z okresem 1961\u20131990.<\/li>\n<li>Mi\u0119dzy 1901 a 2018 rokiem \u015bredni poziom morza wzr\u00f3s\u0142 o ok. 20 cm. Tempo zmian jest najwi\u0119ksze od przynajmniej 3000 lat.<\/li>\n<li>W latach 1994\u20132017 Ziemia straci\u0142a \u0142\u0105cznie lodowce, kt\u00f3rych powierzchnia r\u00f3wna jest powierzchni Wielkiej Brytanii.<\/li>\n<\/ul>\n<p>Tylko czy faktycznie dzia\u0142alno\u015b\u0107 cz\u0142owieka ma istotny wp\u0142yw na te zmiany? Nie ma co do tego \u017cadnych w\u0105tpliwo\u015bci \u2013 \u015bwiat nauki jest ca\u0142kowicie zgodny, \u017ce to wydobywanie i spalanie paliw kopalnych przez cz\u0142owieka jest g\u0142\u00f3wnym \u017ar\u00f3d\u0142em kryzysu klimatycznego.<\/p>\n<p>Jednoznacznie informuje o tym cho\u0107by najnowszy raport IPCC, mi\u0119dzynarodowego panelu naukowc\u00f3w zajmuj\u0105cych si\u0119 zmianami klimatu, kt\u00f3rzy dzia\u0142aj\u0105 przy ONZ. To antropogenicznie (czyli spowodowane przez cz\u0142owieka) emisje gaz\u00f3w cieplarnianych, przede wszystkim dwutlenku w\u0119gla (CO<sub>2<\/sub>), ale te\u017c cho\u0107by metanu czy podtlenku azotu odpowiadaj\u0105 za ten kryzys.<\/p>\n<p>Ich nast\u0119pstwa nie pozostawiaj\u0105 z\u0142udze\u0144 co do tego, \u017ce s\u0105 to zmiany na gorsze. Przyk\u0142adowo, wraz ze wzrostem temperatur nasilaj\u0105 si\u0119 fale upa\u0142\u00f3w, morskich fal gor\u0105ca, czyli okres\u00f3w nadzwyczajnie wysokich temperatur powierzchni morza i innych ekstremalnych zjawisk. Powoduj\u0105 one silne opady, huragany, susze rolnicze. Cz\u0142owiek nie jest w stanie kontrolowa\u0107 tych zjawisk, a ich skutki b\u0119d\u0105 coraz trudniejsze do opanowania.<\/p>\n<p>Wi\u0119cej o zmianach klimatycznych przeczytaj na stronie <a href=\"https:\/\/klimatycznabazawiedzy.org\/\">Klimatyczna baza wiedzy<\/a>.<\/p>\n\n\n\n<figure class=\"wp-block-pullquote\" style=\"border-color:#ff6900\"><blockquote><p>By zapobiec dalszym szkodom, pa\u0144stwa europejskie planuj\u0105 osi\u0105gn\u0105\u0107 neutralno\u015b\u0107 klimatyczn\u0105 do 2050 roku.<\/p><\/blockquote><\/figure>\n\n\n\n<h2><strong>Lokalne dzia\u0142ania \u2013 globalne efekty<\/strong><\/h2>\n<p><br>Wszystkie scenariusze emisji zak\u0142adaj\u0105, \u017ce globalna \u015brednia temperatura na Ziemi b\u0119dzie ros\u0142a przynajmniej do 2050 roku. Te najbardziej pesymistyczne przewiduj\u0105, \u017ce do ko\u0144ca stulecia jej wzrost przekroczy 4\u00b0C. Zapobiec temu mo\u017cna jedynie drastycznie redukuj\u0105c emisj\u0119 CO<sub>2<\/sub> i innych gaz\u00f3w cieplarnianych.<\/p>\n<p>By zapobiec dalszym szkodom, pa\u0144stwa europejskie planuj\u0105 osi\u0105gn\u0105\u0107 neutralno\u015b\u0107 klimatyczn\u0105 do 2050 roku. Oznacza to, \u017ce wszystkie emisje gaz\u00f3w cieplarnianych musz\u0105 zosta\u0107 zr\u00f3wnowa\u017cone przez poch\u0142anianie dwutlenku w\u0119gla. Czy to w og\u00f3le mo\u017cliwe?<\/p>\n<p>Cz\u0119sto m\u00f3wi si\u0119, \u017ce ochrona \u015brodowiska naturalnego wymaga wprowadzenia systemowych zmian, kt\u00f3re obejm\u0105 ca\u0142y \u015bwiat. Takie stwierdzenia s\u0105 jednak zbyt abstrakcyjne. Nie przek\u0142adaj\u0105 si\u0119 na konkretne dzia\u0142ania. Zdejmuj\u0105 z nas odpowiedzialno\u015b\u0107, przerzucaj\u0105c j\u0105 na bli\u017cej nieokre\u015blonych \u015bwiatowych lider\u00f3w. W rzeczywisto\u015bci nie da si\u0119 osi\u0105gn\u0105\u0107 globalnych cel\u00f3w, nie wdra\u017caj\u0105c szeregu ulepsze\u0144 w ka\u017cdej firmie, gminie, plac\u00f3wce czy domu. Kluczem jest wzi\u0119cie odpowiedzialno\u015bci za stan naszej planety i dzia\u0142anie na swoim poziomie. Nie zwalnia to z odpowiedzialno\u015bci innych \u2013 ale ka\u017cdy mo\u017ce co\u015b zrobi\u0107.<\/p>\n<p>Kiedy to zrozumiemy, oka\u017ce si\u0119, \u017ce dr\u00f3g do zmniejszenia negatywnego wp\u0142ywu naszych dzia\u0142a\u0144 na planet\u0119 jest bardzo wiele. Z takiego przekonania wyp\u0142ywaj\u0105 inicjatywy prowadzone r\u00f3wnie\u017c przez Orange.<\/p>\n<p>\u015awietnym przyk\u0142adem jest <a href=\"https:\/\/www.orange.pl\/razemdlaplanety\/optymalizujemy-zuzycie-energii\">Program Optymalizacji Energii<\/a> prowadzony przez zespo\u0142y zarz\u0105dzaj\u0105ce sieciami firmy. Przez ostatnich osiem lat powsta\u0142o ponad 200 inicjatyw, kt\u00f3re prze\u0142o\u017cy\u0142y si\u0119 na 800 GWh zaoszcz\u0119dzonej energii \u2013 a to minimum 500 tysi\u0119cy ton CO<sub>2<\/sub> niewyemitowanego do atmosfery.<\/p>\n<h2><strong>Spo\u0142eczna odpowiedzialno\u015b\u0107 biznesu<\/strong><\/h2>\n<p><br>Odpowiedzialno\u015b\u0107 za \u015brodowisko naturalne spoczywa na ka\u017cdym mieszka\u0144cu naszej planety. W szczeg\u00f3lny spos\u00f3b jest jednak udzia\u0142em firm, korporacji i instytucji. Ich emisja i zu\u017cycie s\u0105 przecie\u017c zdecydowanie wi\u0119ksze ni\u017c w gospodarstwach domowych. Jednocze\u015bnie, skupiaj\u0105c wok\u00f3\u0142 siebie wiele os\u00f3b i firm, du\u017ce organizacje mog\u0105 pozytywnie oddzia\u0142ywa\u0107 na swoje otoczenie, inspirowa\u0107 pracownik\u00f3w i klient\u00f3w, a tak\u017ce tworzy\u0107 przyjazne dla \u015brodowiska produkty i us\u0142ugi.<\/p>\n<p><a href=\"https:\/\/www.orange.pl\/duze-firmy\/odpowiedzialny-biznes\">Prowadzenie odpowiedzialnego biznesu od wielu lat jest r\u00f3wnie\u017c misj\u0105 Orange<\/a>.<\/p>\n\n\n\n<figure class=\"wp-block-pullquote\" style=\"border-color:#ff6900\"><blockquote><p>W 2022 roku emisje w\u0142asne Orange spad\u0142y do 316 tysi\u0119cy ton z 505 tysi\u0119cy ton w 2015 roku, to spadek o 38 proc.<\/p><\/blockquote><\/figure>\n\n\n\n<p>Wymaga\u0142o to kompleksowej strategii \u0142\u0105cz\u0105cej wp\u0142yw na klimat z dzia\u0142alno\u015bci\u0105 biznesow\u0105 firmy. Tak o dzia\u0142aniach dla dobra planety m\u00f3wi Jacek Hutyra, Orange Polska Climate Officer.<\/p>\n<p><em>\u2013 Post\u0119p technologiczny nie mo\u017ce odbywa\u0107 si\u0119 kosztem \u015brodowiska. Wr\u0119cz przeciwnie \u2013 rozw\u00f3j technologii mo\u017ce i powinien wspiera\u0107 jego ochron\u0119. Nasza bran\u017ca ma szczeg\u00f3ln\u0105 rol\u0119 w zielonej transformacji \u2013 dostarcza rozwi\u0105zania wykorzystywane w wielu innych dziedzinach gospodarki. <\/em><\/p>\n<p><em>Nie zwalniana to oczywi\u015bcie z obowi\u0105zku szybkiego ograniczenia naszego wp\u0142ywu na klimat, czyli redukcji generowanych przez nas emisji gaz\u00f3w cieplarnianych. Podstaw\u0105 rzetelnych dzia\u0142a\u0144 klimatycznych s\u0105 realne, osadzone naukowo cele redukcji emisji, daj\u0105ce szybkie, mierzalne efekty.<\/em><\/p>\n<p><em>\u2013 W Orange postawili\u015bmy sobie za cel osi\u0105gni\u0119cie neutralno\u015bci klimatycznej do 2040 roku dla wszystkich emisji, w tym \u0142a\u0144cucha warto\u015bci, czyli naszych dostawc\u00f3w i klient\u00f3w. Na pocz\u0105tek skupili\u015bmy si\u0119 na emisjach w\u0142asnych. W 2022 roku zredukowali\u015bmy je ju\u017c o 38 proc. w por\u00f3wnaniu do 2015. Co z\u0142o\u017cy\u0142o si\u0119 na owych 38 proc.? Najwa\u017cniejsze by\u0142y tu optymalizacja zu\u017cycia energii na potrzeby naszych sieci, biur i sklep\u00f3w \u2013 ale te\u017c szybkie przechodzenie na jej \u017ar\u00f3d\u0142a odnawialne dzi\u0119ki d\u0142ugoterminowym umowom pozwalaj\u0105cym na budowanie nowych instalacji w Polsce. Do 2025 ograniczymy te emisje o co najmniej 65 proc. w por\u00f3wnaniu do 2015, a jednocze\u015bnie zaczynamy redukowa\u0107 emisje w \u0142a\u0144cuchu warto\u015bci. <\/em><\/p>\n<p>Je\u015bli mo\u017cliwe jest poczynienie takich oszcz\u0119dno\u015bci w ramach jednej organizacji w ci\u0105gu zaledwie kilku lat, jakie korzy\u015bci mog\u0142oby przynie\u015b\u0107 wdro\u017cenie podobnych strategii przez wszystkie przedsi\u0119biorstwa? Mo\u017ce za jaki\u015b czas b\u0119dziemy mieli szans\u0119 si\u0119 o tym przekona\u0107. Tym tropem pod\u0105\u017ca bowiem wiele korporacji.<\/p>\n<ul>\n<li>W 2020 roku neutralno\u015b\u0107 klimatyczn\u0105 w zakresach 1 i 2 dla emisji w\u0142asnych og\u0142osi\u0142 znany niemiecki producent \u2013 firma Bosch. Do 2030 roku firma planuje te\u017c ograniczy\u0107 o 15 proc. emisj\u0119 CO<sub>2<\/sub> w swoim \u0142a\u0144cuchu dostaw.<\/li>\n<li>Glovo, jeden z lider\u00f3w na rynku dostaw, dzia\u0142aj\u0105cy w 25 krajach, poinformowa\u0142 w 2021 roku, \u017ce neutralno\u015b\u0107 klimatyczn\u0105 dla emisji w\u0142asnych, w zakresach 1 i 2, osi\u0105gn\u0105\u0142 w ci\u0105gu zaledwie 2 lat.<\/li>\n<li>NIVEA wprowadzi\u0142a specjalne linie kosmetyk\u00f3w, kt\u00f3rych produkcja ju\u017c teraz jest neutralna klimatycznie, a ca\u0142a firma planuje osi\u0105gn\u0105\u0107 neutralno\u015b\u0107 do 2030 roku.<\/li>\n<\/ul>\n<p>To tylko kilka z wielu przyk\u0142ad\u00f3w. Pokazuj\u0105 one, \u017ce realizacja cel\u00f3w biznesowych i dba\u0142o\u015b\u0107 o planet\u0119 mog\u0105 i\u015b\u0107 w parze. A ograniczenie emisji nie tylko jest mo\u017cliwe, ale przede wszystkim korzystne i mo\u017ce by\u0107 \u017ar\u00f3d\u0142em przewagi konkurencyjnej. Oczywi\u015bcie nie mo\u017cna popa\u015b\u0107 tu w pu\u0142apk\u0119 eko-\u015bciemy (greenwashingu) \u2013 nie mo\u017cna bowiem nadu\u017cywa\u0107 poj\u0119\u0107 \u201eekologiczny\u201d, \u201edobry dla \u015brodowiska\u201d i wprowadza\u0107 klient\u00f3w w b\u0142\u0105d. \u0179r\u00f3d\u0142em d\u0142ugoterminowej przewagi konkurencyjnej mog\u0105 by\u0107 tylko realne, mierzalne dzia\u0142ania, faktycznie znacz\u0105co ograniczaj\u0105ce negatywny wp\u0142yw na \u015brodowisko.<\/p>\n<h2><strong>Jak wsp\u00f3lnie ogranicza\u0107 emisj\u0119? <\/strong><\/h2>\n<p><br>Sposob\u00f3w na bardziej przyjazne dla naszej planety prowadzenie biznesu jest wiele. Przynajmniej kilka z nich mo\u017cna wdro\u017cy\u0107 r\u00f3wnie\u017c dzi\u0119ki us\u0142ugom Orange.<\/p>\n<p>\u017beby m\u00f3c inspirowa\u0107 innych do zmiany przyzwyczaje\u0144, trzeba jednak zacz\u0105\u0107 od siebie. W przypadku Orange sprzymierze\u0144cem w tym procesie okaza\u0142a si\u0119 energia odnawialna.<\/p>\n<h2><strong>Przej\u015bcie na zielon\u0105 energi\u0119<\/strong><\/h2>\n<p><br>Tak du\u017ca redukcja emisji w stosunkowo kr\u00f3tkim czasie nie by\u0142aby mo\u017cliwa bez odnawialnej energii. Do 2020 roku Orange Polska nie mia\u0142 jej w og\u00f3le. W 2022 pokrywa\u0142a ju\u017c 12 proc. rocznego zapotrzebowania ca\u0142ej firmy na energi\u0119 elektryczn\u0105.<\/p>\n<p>Ju\u017c w 2023 roku, z trzyletnim wyprzedzeniem, Orange Polska przekroczy, i to zdecydowanie, cel minimum 60 proc. energii odnawialnej w strukturze. Firma pozyskuje energi\u0119 odnawialn\u0105 dzi\u0119ki d\u0142ugoterminowym umowom \u2013 pozwala to na powstawanie w Polsce nowych jej \u017ar\u00f3de\u0142.<\/p>\n<p>Dzia\u0142ania dotycz\u0105ce energii nie s\u0105 zarezerwowane dla wielkich firm! <a href=\"https:\/\/www.orange.pl\/razemdlaplanety\/energia\">Ka\u017cdy mo\u017ce oszcz\u0119dza\u0107 j\u0105 u siebie w domu czy w biurze.<\/a> Ma\u0142o tego, mo\u017cna przej\u015b\u0107 na zakup energii ze \u017ar\u00f3de\u0142 odnawialnych. Orange Energia, sp\u00f3\u0142ka nale\u017c\u0105ca do Orange Polska, jest najwi\u0119kszym w kraju niezale\u017cnym sprzedawc\u0105 energii elektrycznej. Ju\u017c dzisiaj firma sprzedaje klientom indywidualnym energi\u0119 w ca\u0142o\u015bci zaopatrzon\u0105 w gwarancje pochodzenia ze \u017ar\u00f3de\u0142 odnawialnych.<\/p>\n<h2><strong>Biura i pojazdy firmowe bardziej przyjazne dla \u015brodowiska <\/strong><\/h2>\n<p><br>Nie wszystkie zmiany s\u0105 a\u017c tak spektakularne. Efekty przynosz\u0105 r\u00f3wnie\u017c drobne modyfikacje, kt\u00f3re wprowadzane konsekwentnie w wielu miejscach w efekcie przynosz\u0105 du\u017c\u0105 r\u00f3\u017cnic\u0119. Do takich dzia\u0142a\u0144 nale\u017cy oszcz\u0119dzanie energii w biurach i salonach sprzeda\u017cy \u2013 ograniczanie ch\u0142odzenia latem, ogrzewania w zimie oraz racjonalne korzystanie z o\u015bwietlenia.<\/p>\n<p>Wi\u0105\u017ce si\u0119 to r\u00f3wnie\u017c z modernizacj\u0105 firmowych biur, tak by by\u0142y bardziej energooszcz\u0119dne, lepiej skomunikowane, a przy tym wygodniejsze. Wa\u017cnym elementem ograniczania emisji jest r\u00f3wnie\u017c zarz\u0105dzanie firmow\u0105 flot\u0105. Orange kontynuuje jej zmniejszanie, ale stawia te\u017c na jej elektryfikacj\u0119.<\/p>\n<p>Najbardziej przyjaznym dla \u015brodowiska rozwi\u0105zaniem jest zasilanie samochod\u00f3w elektrycznych pr\u0105dem z OZE. Nie jest to jeszcze zawsze mo\u017cliwe. Pojazdy elektryczne s\u0105 jednak mniej szkodliwe dla klimatu, nawet je\u015bli zasilamy je z tradycyjnych \u017ar\u00f3de\u0142 energii. W 2022 roku we flocie Orange znalaz\u0142o si\u0119 26 takich aut, a ju\u017c w kolejnym powinno ich by\u0107 dwa razy wi\u0119cej.<\/p>\n<h2><strong>Propagowanie wiedzy o klimacie<\/strong><\/h2>\n<p><br>Ograniczanie emisji to nie tylko konkretne rozwi\u0105zania i technologie, lecz tak\u017ce, a mo\u017ce przede wszystkim zmiana my\u015blenia. Nie da si\u0119 wprowadzi\u0107 trwa\u0142ych zmian bez odpowiedniej \u015bwiadomo\u015bci i edukacji ekologicznej. Dlatego pracownicy Orange realizuj\u0105 wewn\u0119trzne szkolenia klimatyczne, wy\u0142aniaj\u0105 w swoich zespo\u0142ach zielonych lider\u00f3w, kt\u00f3rzy bior\u0105 udzia\u0142 w studiach podyplomowych Green ACCademy przygotowanych przez Collegium Civitas.<\/p>\n<p>Innym wa\u017cnym aspektem edukacji jest tworzenie oraz udost\u0119pnianie warto\u015bciowych, merytorycznych i wiarygodnych materia\u0142\u00f3w poruszaj\u0105cych t\u0119 problematyk\u0119. Aby zgromadzi\u0107 takie tre\u015bci w jednym miejscu powsta\u0142a Klimatyczna Baza Wiedzy. Jest to og\u00f3lnodost\u0119pne internetowe archiwum, zawieraj\u0105ce polskoj\u0119zyczne raporty i opracowania dotycz\u0105ce klimatu. W\u015br\u00f3d partner\u00f3w projektu zainicjowanego przez Climate Purpose Lab i Climate Strategies Poland znajduje si\u0119 r\u00f3wnie\u017c Orange Polska.<\/p>\n<p>Dzia\u0142ania dla klimatu nigdy si\u0119 nie ko\u0144cz\u0105. Pierwotny plan Orange Polska zak\u0142ada\u0142 ograniczenie emisji w\u0142asnych o 65 proc. w 2025 roku w por\u00f3wnaniu roku 2015. Firma osi\u0105gnie go ju\u017c w 2023 \u2013 a przyspieszenie dzia\u0142a\u0144 pozwala na zaj\u0119cie si\u0119 kolejnymi wyzwaniami dotycz\u0105cymi ograniczania wp\u0142ywu na klimat i \u015brodowisko.<\/p>\n\n\n<div class=\"kk-star-ratings kksr-auto kksr-align-center kksr-valign-bottom\"\n    data-payload='{&quot;align&quot;:&quot;center&quot;,&quot;id&quot;:&quot;8505&quot;,&quot;slug&quot;:&quot;default&quot;,&quot;valign&quot;:&quot;bottom&quot;,&quot;ignore&quot;:&quot;&quot;,&quot;reference&quot;:&quot;auto&quot;,&quot;class&quot;:&quot;&quot;,&quot;count&quot;:&quot;1&quot;,&quot;legendonly&quot;:&quot;&quot;,&quot;readonly&quot;:&quot;&quot;,&quot;score&quot;:&quot;4&quot;,&quot;starsonly&quot;:&quot;&quot;,&quot;best&quot;:&quot;5&quot;,&quot;gap&quot;:&quot;5&quot;,&quot;greet&quot;:&quot;Oce\u0144 artyku\u0142&quot;,&quot;legend&quot;:&quot;&quot;,&quot;size&quot;:&quot;24&quot;,&quot;title&quot;:&quot;Jak realizowa\u0107 cele biznesowe, dbaj\u0105c o planet\u0119&quot;,&quot;width&quot;:&quot;113.5&quot;,&quot;_legend&quot;:&quot;&quot;,&quot;font_factor&quot;:&quot;1.25&quot;}'>\n            \n<div class=\"kksr-stars\">\n    \n<div class=\"kksr-stars-inactive\">\n            <div class=\"kksr-star\" data-star=\"1\" style=\"padding-right: 5px\">\n            \n\n<div class=\"kksr-icon\" style=\"width: 24px; height: 24px;\"><\/div>\n        <\/div>\n            <div class=\"kksr-star\" data-star=\"2\" style=\"padding-right: 5px\">\n            \n\n<div class=\"kksr-icon\" style=\"width: 24px; height: 24px;\"><\/div>\n        <\/div>\n            <div class=\"kksr-star\" data-star=\"3\" style=\"padding-right: 5px\">\n            \n\n<div class=\"kksr-icon\" style=\"width: 24px; height: 24px;\"><\/div>\n        <\/div>\n            <div class=\"kksr-star\" data-star=\"4\" style=\"padding-right: 5px\">\n            \n\n<div class=\"kksr-icon\" style=\"width: 24px; height: 24px;\"><\/div>\n        <\/div>\n            <div class=\"kksr-star\" data-star=\"5\" style=\"padding-right: 5px\">\n            \n\n<div class=\"kksr-icon\" style=\"width: 24px; height: 24px;\"><\/div>\n        <\/div>\n    <\/div>\n    \n<div class=\"kksr-stars-active\" style=\"width: 113.5px;\">\n            <div class=\"kksr-star\" style=\"padding-right: 5px\">\n            \n\n<div class=\"kksr-icon\" style=\"width: 24px; height: 24px;\"><\/div>\n        <\/div>\n            <div class=\"kksr-star\" style=\"padding-right: 5px\">\n            \n\n<div class=\"kksr-icon\" style=\"width: 24px; height: 24px;\"><\/div>\n        <\/div>\n            <div class=\"kksr-star\" style=\"padding-right: 5px\">\n            \n\n<div class=\"kksr-icon\" style=\"width: 24px; height: 24px;\"><\/div>\n        <\/div>\n            <div class=\"kksr-star\" style=\"padding-right: 5px\">\n            \n\n<div class=\"kksr-icon\" style=\"width: 24px; height: 24px;\"><\/div>\n        <\/div>\n            <div class=\"kksr-star\" style=\"padding-right: 5px\">\n            \n\n<div class=\"kksr-icon\" style=\"width: 24px; height: 24px;\"><\/div>\n        <\/div>\n    <\/div>\n<\/div>\n                \n\n<div class=\"kksr-legend\" style=\"font-size: 19.2px;\">\n                <\/div>\n    <\/div>\n","protected":false},"excerpt":{"rendered":"<p>Najta\u0144sza i najbardziej ekologiczna jest ta energia, kt\u00f3rej si\u0119 nie zu\u017cyje. Dlatego ka\u017cde dzia\u0142anie, kt\u00f3re pozwala oszcz\u0119dza\u0107 energi\u0119, ma znaczenie. [&hellip;]<\/p>\n","protected":false},"author":11,"featured_media":8508,"comment_status":"open","ping_status":"open","sticky":false,"template":"","format":"standard","meta":{"_acf_changed":false,"footnotes":""},"categories":[160],"tags":[367,426,347],"class_list":["post-8505","post","type-post","status-publish","format-standard","has-post-thumbnail","hentry","category-cyfrowy-biznes","tag-ekologia","tag-green","tag-oszczedzanie-energii","areas-duze-firmy","areas-male-i-srednie-firmy"],"acf":[],"_links":{"self":[{"href":"https:\/\/www.orange.pl\/poradnik-dla-firm\/wp-json\/wp\/v2\/posts\/8505","targetHints":{"allow":["GET"]}}],"collection":[{"href":"https:\/\/www.orange.pl\/poradnik-dla-firm\/wp-json\/wp\/v2\/posts"}],"about":[{"href":"https:\/\/www.orange.pl\/poradnik-dla-firm\/wp-json\/wp\/v2\/types\/post"}],"author":[{"embeddable":true,"href":"https:\/\/www.orange.pl\/poradnik-dla-firm\/wp-json\/wp\/v2\/users\/11"}],"replies":[{"embeddable":true,"href":"https:\/\/www.orange.pl\/poradnik-dla-firm\/wp-json\/wp\/v2\/comments?post=8505"}],"version-history":[{"count":18,"href":"https:\/\/www.orange.pl\/poradnik-dla-firm\/wp-json\/wp\/v2\/posts\/8505\/revisions"}],"predecessor-version":[{"id":10432,"href":"https:\/\/www.orange.pl\/poradnik-dla-firm\/wp-json\/wp\/v2\/posts\/8505\/revisions\/10432"}],"wp:featuredmedia":[{"embeddable":true,"href":"https:\/\/www.orange.pl\/poradnik-dla-firm\/wp-json\/wp\/v2\/media\/8508"}],"wp:attachment":[{"href":"https:\/\/www.orange.pl\/poradnik-dla-firm\/wp-json\/wp\/v2\/media?parent=8505"}],"wp:term":[{"taxonomy":"category","embeddable":true,"href":"https:\/\/www.orange.pl\/poradnik-dla-firm\/wp-json\/wp\/v2\/categories?post=8505"},{"taxonomy":"post_tag","embeddable":true,"href":"https:\/\/www.orange.pl\/poradnik-dla-firm\/wp-json\/wp\/v2\/tags?post=8505"}],"curies":[{"name":"wp","href":"https:\/\/api.w.org\/{rel}","templated":true}]}}