{"id":10204,"date":"2024-02-27T09:13:47","date_gmt":"2024-02-27T08:13:47","guid":{"rendered":"https:\/\/www.orange.pl\/poradnik-dla-firm\/?p=10204"},"modified":"2025-11-24T13:20:13","modified_gmt":"2025-11-24T12:20:13","slug":"swiatlowod-orange-dla-samorzadow","status":"publish","type":"post","link":"https:\/\/www.orange.pl\/poradnik-dla-firm\/internet-i-siec-firmowa\/swiatlowod-orange-dla-samorzadow\/","title":{"rendered":"\u015awiat\u0142ow\u00f3d dla gmin \u2013 innowacje w s\u0142u\u017cbie samorz\u0105d\u00f3w"},"content":{"rendered":"\n\n\n<p><strong>Szybki i niezawodny dost\u0119p do internetu jest kluczowy dla samorz\u0105d\u00f3w, kt\u00f3re pragn\u0105 zapewni\u0107 swoim mieszka\u0144com us\u0142ugi na najwy\u017cszym poziomie. Poni\u017cej prezentujemy trzy praktyczne przyk\u0142ady wykorzystania \u015awiat\u0142owodu Orange. Sprawd\u017a, w jaki spos\u00f3b w\u00f3jtowie i burmistrzowie mog\u0105 skorzysta\u0107 z tej nowoczesnej technologii do wspierania rozwoju lokalnych spo\u0142eczno\u015bci.<\/strong><\/p>\n<h2>Budujemy cyfrow\u0105 przysz\u0142o\u015b\u0107 polskich samorz\u0105d\u00f3w<\/h2>\n<p><br>Orange Polska w ci\u0105gu ostatnich trzech lat zrealizowa\u0142a szereg istotnych projekt\u00f3w, kt\u00f3re znacz\u0105co przyczyni\u0142y si\u0119 do rozwoju lokalnych spo\u0142eczno\u015bci. Inwestycje mia\u0142y na celu zmniejszenie wsp\u00f3\u0142czynnika wykluczenia cyfrowego poprzez zapewnienie <a href=\"https:\/\/www.orange.pl\/poradnik-dla-firm\/siec-i-transmisja\/internet-swiatlowodowy-w-samorzadach\/\">dost\u0119pu do szybkiego internetu \u015bwiat\u0142owodowego<\/a> na obszarach wiejskich o skomplikowanej topografii terenu.<\/p>\n\n\n\n<figure class=\"wp-block-pullquote\" style=\"border-color:#ff6900\"><blockquote><p>Ponad 80 proc. gospodarstw domowych w gminie S\u0119kowa zosta\u0142o pod\u0142\u0105czonych do sieci szerokopasmowej. Wdro\u017cenie tego projektu przynios\u0142o oczekiwane rezultaty, eliminuj\u0105c zjawisko wykluczenia cyfrowego na terenie naszej gminy.&nbsp;<\/p><\/blockquote><\/figure>\n\n\n\n<h2>Gmina Ochotnica Dolna<\/h2>\n<p><br \/>W\u0142adze gminy Ochotnica Dolna, po\u0142o\u017conej na stokach malowniczego Beskidu S\u0105deckiego, uznaj\u0105 wprowadzenie dost\u0119pu do <a href=\"https:\/\/www.orange.pl\/duze-firmy\/instytucje-publiczne\">\u015awiat\u0142owodu Orange<\/a> za \u201eepokow\u0105 inwestycj\u0119 na miar\u0119 niegdysiejszej elektryfikacji wsi&#8221;. Dla wielu mieszka\u0144c\u00f3w, kt\u00f3rzy wcze\u015bniej nie mieli dost\u0119pu do sieci GSM czy LTE, \u015bwiat\u0142ow\u00f3d sta\u0142 si\u0119 kluczowym elementem zapewniaj\u0105cym im \u201eokno na \u015bwiat\u201d.<\/p>\n<p>Program POPC wsp\u00f3\u0142finansowany przez Uni\u0119 Europejsk\u0105 otworzy\u0142 nowe mo\u017cliwo\u015bci rozbudowy infrastruktury \u015bwiat\u0142owodowej w gminie, co ma ogromne znaczenie dla rozwoju pracy, edukacji i codziennego \u017cycia mieszka\u0144c\u00f3w. W\u00f3jt Tadeusz Kr\u00f3lczyk podkre\u015bla, \u017ce \u201eszybki internet to kluczowy czynnik zwi\u0119kszaj\u0105cy lokaln\u0105 konkurencyjno\u015b\u0107\u201d, umo\u017cliwiaj\u0105cy rozwijanie e-handlu i e-us\u0142ug.<\/p>\n<p><em>\u2013 Do tej pory w naszej gminie dost\u0119p do sieci internetowej charakteryzowa\u0142 si\u0119 ograniczon\u0105 przepustowo\u015bci\u0105, a znaczna liczba mieszka\u0144c\u00f3w nie mia\u0142a mo\u017cliwo\u015bci skorzystania z po\u0142\u0105czenia przewodowego ze wzgl\u0119du na brak dost\u0119pnych slot\u00f3w w centralach cyfrowych \u2013 <\/em><strong>m\u00f3wi Tadeusz Kr\u00f3lczyk, W\u00f3jt Gminy Ochotnica Dolna<\/strong>.<em> \u2013 <\/em>[&#8230;]<em> Budowa infrastruktury o takim stopniu skomplikowania, szczeg\u00f3lnie w trudnym terenie o rozproszonej zabudowie, sta\u0142a si\u0119 mo\u017cliwa dzi\u0119ki wsparciu finansowemu ze \u015brodk\u00f3w Unii Europejskiej. Od pocz\u0105tku obecnej kadencji ustanowili\u015bmy intensywn\u0105 i blisk\u0105 wsp\u00f3\u0142prac\u0119 z firm\u0105 Orange, odpowiedzialn\u0105 za realizacj\u0119 programu POPC.<\/em><\/p>\n<h2>Gmina S\u0119kowa<\/h2>\n<p><br \/>S\u0119kowa, po\u0142o\u017cona na rozleg\u0142ym, g\u00f3rzystym terenie, jest gmin\u0105 wiejsk\u0105 o charakterze turystycznym i rolno-le\u015bnym. Przez d\u0142ugi czas wielu mieszka\u0144c\u00f3w nie mia\u0142o dost\u0119pu do Internetu z powodu ogranicze\u0144 finansowych i infrastrukturalnych. <strong>Brak szybkiego internetu wp\u0142ywa\u0142 negatywnie na ich udzia\u0142 w \u017cyciu spo\u0142ecznym oraz hamowa\u0142 rozw\u00f3j gospodarczy gminy<\/strong>.<\/p>\n<p>Dzi\u0119ki budowie sieci \u015bwiat\u0142owodowej przez Orange mieszka\u0144cy terenu zyskali mo\u017cliwo\u015b\u0107 pe\u0142nego uczestnictwa w \u017cyciu spo\u0142ecznym. <strong>Teraz mog\u0105 za\u0142atwia\u0107 sprawy urz\u0119dowe, bankowe i zawodowe on-line<\/strong>, co eliminuje potrzeb\u0119 wychodzenia z domu. Ponadto dost\u0119p do szybkiego internetu umo\u017cliwi\u0142 im udzia\u0142 w wydarzeniach kulturalnych prezentowanych w sieci, co sta\u0142o si\u0119 istotne zw\u0142aszcza w kontek\u015bcie os\u00f3b starszych lub o ograniczonej sprawno\u015bci ruchowej.<\/p>\n<p><strong>Szybki internet wp\u0142yn\u0105\u0142 tak\u017ce na popraw\u0119 poziomu nauki i edukacji<\/strong>. Nowe technologie informacyjne zintegrowano w procesie kszta\u0142cenia, co pomog\u0142o ponie\u015b\u0107 jako\u015b\u0107 nauczania w szko\u0142ach na terenie gminy S\u0119kowa. Dost\u0119p do nowoczesnych narz\u0119dzi edukacyjnych stworzy\u0142 dodatkowe mo\u017cliwo\u015bci rozwoju dla uczni\u00f3w, wprowadzaj\u0105c innowacje i u\u0142atwiaj\u0105c przyswajanie wiedzy.<\/p>\n<p><em>\u2013 Do niedawna obszary gminy S\u0119kowa boryka\u0142y si\u0119 z problemem braku dost\u0119pu do internetu, co okre\u015blane by\u0142o mianem \u201ebia\u0142ych plam\u201d <\/em>\u2013 <strong>m\u00f3wi Ma\u0142gorzata Ma\u0142uch, W\u00f3jt Gminy S\u0119kowa<\/strong>. \u2013 <em>Dzi\u0119ki zrealizowanej inwestycji przez firm\u0119 Orange Polska, ponad 80 proc. gospodarstw domowych zosta\u0142o pod\u0142\u0105czonych do sieci szerokopasmowej. Wdro\u017cenie tego projektu przynios\u0142o oczekiwane rezultaty, eliminuj\u0105c zjawisko wykluczenia cyfrowego na terenie naszej gminy.\u00a0 <\/em><\/p>\n<h2>Gmina Ko\u015bcielisko<\/h2>\n<p><br \/>Roman Krupa, w\u00f3jt po\u0142o\u017conej u st\u00f3p Tatr turystycznej gminy Ko\u015bcielisko, podkre\u015bla, \u017ce rozbudowa infrastruktury \u015bwiat\u0142owodowej przez firm\u0119 Orange Polska by\u0142a niezwykle istotna dla poprawy jako\u015bci \u017cycia mieszka\u0144c\u00f3w. <strong>Jego zdaniem \u201eszybki internet jest dzi\u015b standardem, nie luksusem\u201d<\/strong>.<\/p>\n<p>Dzi\u0119ki dost\u0119powi do szerokopasmowego internetu mieszka\u0144cy, b\u0119d\u0105cy jednocze\u015bnie przedsi\u0119biorcami, mog\u0105 skutecznie komunikowa\u0107 si\u0119 z klientami oraz oferowa\u0107 swoje us\u0142ugi on-line. Gmina wykorzystuje nowoczesne technologie i udowadnia, \u017ce dobra oferta i dost\u0119pno\u015b\u0107 w sieci s\u0105 kluczowe dla przyci\u0105gania uwagi turyst\u00f3w.<\/p>\n<p><em>\u2013 W naszej gminie staramy si\u0119 wykorzysta\u0107 wspomniane zmiany do ochrony naszego najcenniejszego zasobu <\/em>\u2013<em> malowniczego krajobrazu g\u00f3rskiego. Przekonujemy mieszka\u0144c\u00f3w, \u017ce obecnie nie s\u0105 potrzebne wielkie, krzykliwe reklamy, aby przyci\u0105gn\u0105\u0107 uwag\u0119. Kluczowym elementem jest teraz atrakcyjna oferta i dost\u0119pno\u015b\u0107 w sieci. Jako urz\u0105d gminy, systematycznie poszerzamy zakres internetowych us\u0142ug dost\u0119pnych dla mieszka\u0144c\u00f3w. Dzi\u0119ki temu mog\u0105 oni wiele spraw za\u0142atwi\u0107 bez wychodzenia z domu <\/em>\u2013 <strong>podkre\u015bla Roman Krupa, W\u00f3jt Gminy Ko\u015bcielisko<\/strong>.<\/p>\n<h2>Orange Polska wspiera rozw\u00f3j lokalnych samorz\u0105d\u00f3w<\/h2>\n<p><br \/>Wszystkie te przypadki \u015bwietnie obrazuj\u0105, jak <strong>inwestycje samorz\u0105d\u00f3w w infrastruktur\u0119 \u015bwiat\u0142owodow\u0105 wp\u0142ywaj\u0105 na popraw\u0119 jako\u015bci \u017cycia mieszka\u0144c\u00f3w<\/strong>, rozw\u00f3j lokalnej gospodarki i edukacji.<\/p>\n<p>Dzi\u0119ki zaanga\u017cowaniu w innowacyjne projekty Orange Polska w\u0142adze samorz\u0105dowe mog\u0105 wykorzysta\u0107 pe\u0142ny potencja\u0142 nowoczesnych technologii internetowych do promowania us\u0142ug i rozwijania e-handlu, jednocze\u015bnie chroni\u0105c krajobraz naturalny.<\/p>\n\n\n<div class=\"kk-star-ratings kksr-auto kksr-align-center kksr-valign-bottom\"\n    data-payload='{&quot;align&quot;:&quot;center&quot;,&quot;id&quot;:&quot;10204&quot;,&quot;slug&quot;:&quot;default&quot;,&quot;valign&quot;:&quot;bottom&quot;,&quot;ignore&quot;:&quot;&quot;,&quot;reference&quot;:&quot;auto&quot;,&quot;class&quot;:&quot;&quot;,&quot;count&quot;:&quot;1&quot;,&quot;legendonly&quot;:&quot;&quot;,&quot;readonly&quot;:&quot;&quot;,&quot;score&quot;:&quot;5&quot;,&quot;starsonly&quot;:&quot;&quot;,&quot;best&quot;:&quot;5&quot;,&quot;gap&quot;:&quot;5&quot;,&quot;greet&quot;:&quot;Oce\u0144 artyku\u0142&quot;,&quot;legend&quot;:&quot;&quot;,&quot;size&quot;:&quot;24&quot;,&quot;title&quot;:&quot;\u015awiat\u0142ow\u00f3d dla gmin \u2013 innowacje w s\u0142u\u017cbie samorz\u0105d\u00f3w&quot;,&quot;width&quot;:&quot;142.5&quot;,&quot;_legend&quot;:&quot;&quot;,&quot;font_factor&quot;:&quot;1.25&quot;}'>\n            \n<div class=\"kksr-stars\">\n    \n<div class=\"kksr-stars-inactive\">\n            <div class=\"kksr-star\" data-star=\"1\" style=\"padding-right: 5px\">\n            \n\n<div class=\"kksr-icon\" style=\"width: 24px; height: 24px;\"><\/div>\n        <\/div>\n            <div class=\"kksr-star\" data-star=\"2\" style=\"padding-right: 5px\">\n            \n\n<div class=\"kksr-icon\" style=\"width: 24px; height: 24px;\"><\/div>\n        <\/div>\n            <div class=\"kksr-star\" data-star=\"3\" style=\"padding-right: 5px\">\n            \n\n<div class=\"kksr-icon\" style=\"width: 24px; height: 24px;\"><\/div>\n        <\/div>\n            <div class=\"kksr-star\" data-star=\"4\" style=\"padding-right: 5px\">\n            \n\n<div class=\"kksr-icon\" style=\"width: 24px; height: 24px;\"><\/div>\n        <\/div>\n            <div class=\"kksr-star\" data-star=\"5\" style=\"padding-right: 5px\">\n            \n\n<div class=\"kksr-icon\" style=\"width: 24px; height: 24px;\"><\/div>\n        <\/div>\n    <\/div>\n    \n<div class=\"kksr-stars-active\" style=\"width: 142.5px;\">\n            <div class=\"kksr-star\" style=\"padding-right: 5px\">\n            \n\n<div class=\"kksr-icon\" style=\"width: 24px; height: 24px;\"><\/div>\n        <\/div>\n            <div class=\"kksr-star\" style=\"padding-right: 5px\">\n            \n\n<div class=\"kksr-icon\" style=\"width: 24px; height: 24px;\"><\/div>\n        <\/div>\n            <div class=\"kksr-star\" style=\"padding-right: 5px\">\n            \n\n<div class=\"kksr-icon\" style=\"width: 24px; height: 24px;\"><\/div>\n        <\/div>\n            <div class=\"kksr-star\" style=\"padding-right: 5px\">\n            \n\n<div class=\"kksr-icon\" style=\"width: 24px; height: 24px;\"><\/div>\n        <\/div>\n            <div class=\"kksr-star\" style=\"padding-right: 5px\">\n            \n\n<div class=\"kksr-icon\" style=\"width: 24px; height: 24px;\"><\/div>\n        <\/div>\n    <\/div>\n<\/div>\n                \n\n<div class=\"kksr-legend\" style=\"font-size: 19.2px;\">\n                <\/div>\n    <\/div>\n","protected":false},"excerpt":{"rendered":"<p>Szybki i niezawodny dost\u0119p do internetu jest kluczowy dla samorz\u0105d\u00f3w, kt\u00f3re pragn\u0105 zapewni\u0107 swoim mieszka\u0144com us\u0142ugi na najwy\u017cszym poziomie. Poni\u017cej [&hellip;]<\/p>\n","protected":false},"author":11,"featured_media":10209,"comment_status":"open","ping_status":"open","sticky":false,"template":"","format":"standard","meta":{"_acf_changed":false,"footnotes":""},"categories":[163],"tags":[358,423,412],"class_list":["post-10204","post","type-post","status-publish","format-standard","has-post-thumbnail","hentry","category-internet-i-siec-firmowa","tag-instytucje-publiczne","tag-samorzad","tag-swiatlowod","areas-instytucje-publiczne"],"acf":[],"_links":{"self":[{"href":"https:\/\/www.orange.pl\/poradnik-dla-firm\/wp-json\/wp\/v2\/posts\/10204","targetHints":{"allow":["GET"]}}],"collection":[{"href":"https:\/\/www.orange.pl\/poradnik-dla-firm\/wp-json\/wp\/v2\/posts"}],"about":[{"href":"https:\/\/www.orange.pl\/poradnik-dla-firm\/wp-json\/wp\/v2\/types\/post"}],"author":[{"embeddable":true,"href":"https:\/\/www.orange.pl\/poradnik-dla-firm\/wp-json\/wp\/v2\/users\/11"}],"replies":[{"embeddable":true,"href":"https:\/\/www.orange.pl\/poradnik-dla-firm\/wp-json\/wp\/v2\/comments?post=10204"}],"version-history":[{"count":10,"href":"https:\/\/www.orange.pl\/poradnik-dla-firm\/wp-json\/wp\/v2\/posts\/10204\/revisions"}],"predecessor-version":[{"id":10269,"href":"https:\/\/www.orange.pl\/poradnik-dla-firm\/wp-json\/wp\/v2\/posts\/10204\/revisions\/10269"}],"wp:featuredmedia":[{"embeddable":true,"href":"https:\/\/www.orange.pl\/poradnik-dla-firm\/wp-json\/wp\/v2\/media\/10209"}],"wp:attachment":[{"href":"https:\/\/www.orange.pl\/poradnik-dla-firm\/wp-json\/wp\/v2\/media?parent=10204"}],"wp:term":[{"taxonomy":"category","embeddable":true,"href":"https:\/\/www.orange.pl\/poradnik-dla-firm\/wp-json\/wp\/v2\/categories?post=10204"},{"taxonomy":"post_tag","embeddable":true,"href":"https:\/\/www.orange.pl\/poradnik-dla-firm\/wp-json\/wp\/v2\/tags?post=10204"}],"curies":[{"name":"wp","href":"https:\/\/api.w.org\/{rel}","templated":true}]}}